{"id":19426,"date":"2026-04-29T20:31:04","date_gmt":"2026-04-29T20:31:04","guid":{"rendered":"https:\/\/ostsee-immobilienmarkt.de\/?p=19426"},"modified":"2026-04-29T20:31:06","modified_gmt":"2026-04-29T20:31:06","slug":"19426-2","status":"publish","type":"post","link":"https:\/\/ostsee-immobilienmarkt.de\/pl\/19426-2\/","title":{"rendered":""},"content":{"rendered":"<hr class=\"wp-block-separator has-alpha-channel-opacity\"\/>\n\n\n\n<h2 class=\"wp-block-heading\">Zwischen Mimik und Musik: Wenn Blicke B\u00e4nde sprechen<\/h2>\n\n\n\n<hr class=\"wp-block-separator has-alpha-channel-opacity\"\/>\n\n\n\n<p>Hast du dich jemals gefragt, warum die deutsche Sprache so wunderbar absurd sein kann? Es gibt S\u00e4tze, die man grammatikalisch perfekt analysieren kann, die aber rein logisch betrachtet v\u00f6lliger Quatsch sind. Ganz oben auf der Liste steht der absolute Klassiker: <strong>\u201eGuck mich nicht in diesem Ton an!\u201c<\/strong><\/p>\n\n\n\n<h3 class=\"wp-block-heading\">Die Physik der schlechten Laune<\/h3>\n\n\n\n<p>Rein wissenschaftlich gesehen ist ein Ton eine Schallwelle. Ein Blick hingegen ist die Aufnahme von Lichtreflexionen. Beides hat wenig miteinander zu tun \u2013 es sei denn, man befindet sich in einer hitzigen Diskussion mit einem Deutschen.<\/p>\n\n\n\n<p>In diesem Moment verschmelzen die Sinne. Der Satz <strong>\u201eGuck mich nicht in diesem Ton an\u201c<\/strong> ist eigentlich ein Kompliment an unsere Intuition. Wir sp\u00fcren, dass die visuelle Ausstrahlung unseres Gegen\u00fcbers (das arrogante L\u00e4cheln, das genervte Blinzeln) genau die gleiche Frequenz hat wie eine freche Antwort.<\/p>\n\n\n\n<h3 class=\"wp-block-heading\">Warum dieser Satz so effektiv ist<\/h3>\n\n\n\n<p>Warum benutzen wir diese paradoxe Formulierung?<\/p>\n\n\n\n<ul>\n<li><strong>Er beendet die Diskussion:<\/strong> Gegen Logik kann man argumentieren, gegen ein Gef\u00fchl nicht.<\/li>\n\n\n\n<li><strong>Er entlarvt Passiv-Aggressivit\u00e4t:<\/strong> Man kann niemanden f\u00fcr das bestrafen, was er <em>nicht<\/em> gesagt hat \u2013 aber man kann ihn f\u00fcr die \u201eLautst\u00e4rke\u201c seines Gesichts kritisieren.<\/li>\n\n\n\n<li><strong>Er ist ein Warnsignal:<\/strong> Es ist die letzte Stufe, bevor es richtig knallt.<\/li>\n<\/ul>\n\n\n\n<h3 class=\"wp-block-heading\">Ein kurzer \u00dcberlebensguide<\/h3>\n\n\n\n<p>Was tust du, wenn dein Chef, dein Partner oder deine Mutter dir vorwirft: <strong>\u201e<a href=\"https:\/\/kaffeemiau.com\/products\/guck-mich-nicht-in-diesem-ton-an-t-shirt\" data-type=\"link\" data-id=\"https:\/\/kaffeemiau.com\/products\/guck-mich-nicht-in-diesem-ton-an-t-shirt\" target=\"_blank\" rel=\"noopener\">Guck mich nicht in diesem Ton an<\/a>!\u201c<\/strong>?<\/p>\n\n\n\n<ol start=\"1\">\n<li><strong>Nicht die Logik-Karte spielen:<\/strong> Erkl\u00e4re niemals, dass man T\u00f6ne nicht sehen kann. Das macht das \u201eGer\u00e4usch\u201c deines Gesichts nur noch lauter.<\/li>\n\n\n\n<li><strong>Gesichtsz\u00fcge neutralisieren:<\/strong> Versuche, den Gesichtsausdruck einer Schaufensterpuppe anzunehmen.<\/li>\n\n\n\n<li><strong>Blinzeln:<\/strong> Manchmal hilft es, kurz das \u201eSignal\u201c zu unterbrechen.<\/li>\n<\/ol>\n\n\n\n<hr class=\"wp-block-separator has-alpha-channel-opacity\"\/>","protected":false},"excerpt":{"rendered":"<p>Zwischen Mimik und Musik: Wenn Blicke B\u00e4nde sprechen Hast du dich jemals gefragt, warum die deutsche Sprache so wunderbar absurd sein kann? Es gibt S\u00e4tze, die man grammatikalisch perfekt analysieren kann, die aber rein logisch betrachtet v\u00f6lliger Quatsch sind. Ganz oben auf der Liste steht der absolute Klassiker: \u201eGuck mich nicht in diesem Ton an!\u201c &#8230;<\/p>","protected":false},"author":1,"featured_media":0,"comment_status":"closed","ping_status":"closed","sticky":false,"template":"","format":"standard","meta":{"_rtcl_gb_attr":"","footnotes":""},"categories":[257],"tags":[],"_links":{"self":[{"href":"https:\/\/ostsee-immobilienmarkt.de\/pl\/wp-json\/wp\/v2\/posts\/19426"}],"collection":[{"href":"https:\/\/ostsee-immobilienmarkt.de\/pl\/wp-json\/wp\/v2\/posts"}],"about":[{"href":"https:\/\/ostsee-immobilienmarkt.de\/pl\/wp-json\/wp\/v2\/types\/post"}],"author":[{"embeddable":true,"href":"https:\/\/ostsee-immobilienmarkt.de\/pl\/wp-json\/wp\/v2\/users\/1"}],"replies":[{"embeddable":true,"href":"https:\/\/ostsee-immobilienmarkt.de\/pl\/wp-json\/wp\/v2\/comments?post=19426"}],"version-history":[{"count":1,"href":"https:\/\/ostsee-immobilienmarkt.de\/pl\/wp-json\/wp\/v2\/posts\/19426\/revisions"}],"predecessor-version":[{"id":19427,"href":"https:\/\/ostsee-immobilienmarkt.de\/pl\/wp-json\/wp\/v2\/posts\/19426\/revisions\/19427"}],"wp:attachment":[{"href":"https:\/\/ostsee-immobilienmarkt.de\/pl\/wp-json\/wp\/v2\/media?parent=19426"}],"wp:term":[{"taxonomy":"category","embeddable":true,"href":"https:\/\/ostsee-immobilienmarkt.de\/pl\/wp-json\/wp\/v2\/categories?post=19426"},{"taxonomy":"post_tag","embeddable":true,"href":"https:\/\/ostsee-immobilienmarkt.de\/pl\/wp-json\/wp\/v2\/tags?post=19426"}],"curies":[{"name":"wp","href":"https:\/\/api.w.org\/{rel}","templated":true}]}}